{"id":7545,"date":"2018-02-21T12:43:02","date_gmt":"2018-02-21T11:43:02","guid":{"rendered":"https:\/\/www.vitali.com\/?p=7545"},"modified":"2024-02-20T16:16:44","modified_gmt":"2024-02-20T15:16:44","slug":"dentalexpo-amsterdam-2018","status":"publish","type":"post","link":"https:\/\/www.vitali.com\/fr\/dentalexpo-amsterdam-2018\/","title":{"rendered":"En mars, les unit\u00e9s VITALI seront  pr\u00e9sentes \u00e0 quatre expositions dentaires"},"content":{"rendered":"<div class=\"fusion-fullwidth fullwidth-box fusion-builder-row-1 fusion-flex-container nonhundred-percent-fullwidth non-hundred-percent-height-scrolling gradient-container-1\" style=\"--awb-border-radius-top-left:0px;--awb-border-radius-top-right:0px;--awb-border-radius-bottom-right:0px;--awb-border-radius-bottom-left:0px;--awb-flex-wrap:wrap;\" ><div class=\"fusion-builder-row fusion-row fusion-flex-align-items-flex-start fusion-flex-content-wrap\" style=\"max-width:1216.8px;margin-left: calc(-4% \/ 2 );margin-right: calc(-4% \/ 2 );\"><div class=\"fusion-layout-column fusion_builder_column fusion-builder-column-0 fusion_builder_column_1_1 1_1 fusion-flex-column\" style=\"--awb-bg-size:cover;--awb-width-large:100%;--awb-margin-top-large:0px;--awb-spacing-right-large:1.92%;--awb-margin-bottom-large:0px;--awb-spacing-left-large:1.92%;--awb-width-medium:100%;--awb-spacing-right-medium:1.92%;--awb-spacing-left-medium:1.92%;--awb-width-small:100%;--awb-spacing-right-small:1.92%;--awb-spacing-left-small:1.92%;\"><div class=\"fusion-column-wrapper fusion-flex-justify-content-flex-start fusion-content-layout-column\"><div class=\"fusion-text fusion-text-1\"><p>A partir du 8 au 10 mars, vous trouverez nos \u00e9quipements au salon biennal <strong>Dentalexpo<\/strong> \u00e0 <strong>Amsterdam<\/strong>, sur le stand de DDS Direct Dental Supplies, et en m\u00eame temps au salon <strong>Krakdent<\/strong> de <strong>Cracovie<\/strong>, sur le stand Promedus. La semaine suivante, du 15 au 17 mars, il y a le rendez-vous au salon international de <strong>Madrid<\/strong>, <strong>Expodental<\/strong>, o\u00f9 les unit\u00e9s <strong>VITALI<\/strong> sont expos\u00e9es sur le stand Esproden. Enfin, \u00e0 partir du 23 jusqu\u2019 au 25 mars, de l&rsquo;autre c\u00f4t\u00e9 de la plan\u00e8te, une autre occasion de voir nos unit\u00e9s sera l&rsquo;<strong>ADX<\/strong> de <strong>Sydney<\/strong>, l&rsquo;une des plus importantes expositions de l&rsquo;industrie dentaire australienne. Le stand \u00e0 rechercher sera celui de Dentplex Pty.<\/p>\n<\/div><\/div><\/div><\/div><\/div>\n","protected":false},"excerpt":{"rendered":"<p>Quatre \u00e9v\u00e9nements o\u00f9 on peut voir les unit\u00e9s <strong>VITALI<\/strong>: \u00e0 Amsterdam, Cracovie, Madrid et Sydney.<\/p>\n","protected":false},"author":3,"featured_media":7534,"comment_status":"closed","ping_status":"closed","sticky":false,"template":"","format":"standard","meta":{"footnotes":""},"categories":[52],"tags":[],"class_list":["post-7545","post","type-post","status-publish","format-standard","has-post-thumbnail","hentry","category-actualites"],"_links":{"self":[{"href":"https:\/\/www.vitali.com\/fr\/wp-json\/wp\/v2\/posts\/7545","targetHints":{"allow":["GET"]}}],"collection":[{"href":"https:\/\/www.vitali.com\/fr\/wp-json\/wp\/v2\/posts"}],"about":[{"href":"https:\/\/www.vitali.com\/fr\/wp-json\/wp\/v2\/types\/post"}],"author":[{"embeddable":true,"href":"https:\/\/www.vitali.com\/fr\/wp-json\/wp\/v2\/users\/3"}],"replies":[{"embeddable":true,"href":"https:\/\/www.vitali.com\/fr\/wp-json\/wp\/v2\/comments?post=7545"}],"version-history":[{"count":1,"href":"https:\/\/www.vitali.com\/fr\/wp-json\/wp\/v2\/posts\/7545\/revisions"}],"predecessor-version":[{"id":19327,"href":"https:\/\/www.vitali.com\/fr\/wp-json\/wp\/v2\/posts\/7545\/revisions\/19327"}],"wp:featuredmedia":[{"embeddable":true,"href":"https:\/\/www.vitali.com\/fr\/wp-json\/wp\/v2\/media\/7534"}],"wp:attachment":[{"href":"https:\/\/www.vitali.com\/fr\/wp-json\/wp\/v2\/media?parent=7545"}],"wp:term":[{"taxonomy":"category","embeddable":true,"href":"https:\/\/www.vitali.com\/fr\/wp-json\/wp\/v2\/categories?post=7545"},{"taxonomy":"post_tag","embeddable":true,"href":"https:\/\/www.vitali.com\/fr\/wp-json\/wp\/v2\/tags?post=7545"}],"curies":[{"name":"wp","href":"https:\/\/api.w.org\/{rel}","templated":true}]}}