{"id":8693,"date":"2018-10-10T12:00:24","date_gmt":"2018-10-10T10:00:24","guid":{"rendered":"https:\/\/www.vitali.com\/?p=8693"},"modified":"2020-03-09T15:32:41","modified_gmt":"2020-03-09T14:32:41","slug":"festa-vitali-65","status":"publish","type":"post","link":"https:\/\/www.vitali.com\/es\/festa-vitali-65\/","title":{"rendered":"VITALI celebra 65 a\u00f1os de la empresa."},"content":{"rendered":"<div class=\"fusion-fullwidth fullwidth-box fusion-builder-row-1 nonhundred-percent-fullwidth non-hundred-percent-height-scrolling gradient-container-1\" style=\"--awb-border-radius-top-left:0px;--awb-border-radius-top-right:0px;--awb-border-radius-bottom-right:0px;--awb-border-radius-bottom-left:0px;--awb-flex-wrap:wrap;\" ><div class=\"fusion-builder-row fusion-row\"><div class=\"fusion-layout-column fusion_builder_column fusion-builder-column-0 fusion_builder_column_1_1 1_1 fusion-one-full fusion-column-first fusion-column-last\" style=\"--awb-bg-size:cover;--awb-margin-bottom:0px;\"><div class=\"fusion-column-wrapper fusion-flex-column-wrapper-legacy\"><div class=\"fusion-text fusion-text-1\"><p>Celebramos los 65 a\u00f1os de la empresa de la forma m\u00e1s emocionante y divertida: un excelente DJ entre los equipos en producci\u00f3n, una s\u00faper cena-buffet para todas las familias, nuestros ni\u00f1os libres para correr y jugar&#8230;<br \/>\nEn un momento dado, se present\u00f3 un se\u00f1or en la puerta y pregunt\u00f3 si pod\u00eda entrar. Era el c\u00f3mico Duilio Pizzocchi, que hizo un show solo para nosotros. Marco Vitali, como siempre, dio lo mejor de s\u00ed. Y despu\u00e9s del brindis tambi\u00e9n nosotros dimos nuestra sorpresa. Estas son algunas fotos de recuerdo del 6 de octubre de 2018. Una velada que nunca olvidaremos!<\/p>\n<\/div><div class=\"fusion-clearfix\"><\/div><\/div><\/div><\/div><\/div>\n","protected":false},"excerpt":{"rendered":"<p>El s\u00e1bado fue un d\u00eda de fiesta muy especial para nosotros en <strong>VITALI<\/strong>.<\/p>\n","protected":false},"author":3,"featured_media":8715,"comment_status":"closed","ping_status":"closed","sticky":false,"template":"","format":"standard","meta":{"footnotes":""},"categories":[924,50],"tags":[],"class_list":["post-8693","post","type-post","status-publish","format-standard","has-post-thumbnail","hentry","category-home-page-es","category-noticias"],"_links":{"self":[{"href":"https:\/\/www.vitali.com\/es\/wp-json\/wp\/v2\/posts\/8693","targetHints":{"allow":["GET"]}}],"collection":[{"href":"https:\/\/www.vitali.com\/es\/wp-json\/wp\/v2\/posts"}],"about":[{"href":"https:\/\/www.vitali.com\/es\/wp-json\/wp\/v2\/types\/post"}],"author":[{"embeddable":true,"href":"https:\/\/www.vitali.com\/es\/wp-json\/wp\/v2\/users\/3"}],"replies":[{"embeddable":true,"href":"https:\/\/www.vitali.com\/es\/wp-json\/wp\/v2\/comments?post=8693"}],"version-history":[{"count":0,"href":"https:\/\/www.vitali.com\/es\/wp-json\/wp\/v2\/posts\/8693\/revisions"}],"wp:featuredmedia":[{"embeddable":true,"href":"https:\/\/www.vitali.com\/es\/wp-json\/wp\/v2\/media\/8715"}],"wp:attachment":[{"href":"https:\/\/www.vitali.com\/es\/wp-json\/wp\/v2\/media?parent=8693"}],"wp:term":[{"taxonomy":"category","embeddable":true,"href":"https:\/\/www.vitali.com\/es\/wp-json\/wp\/v2\/categories?post=8693"},{"taxonomy":"post_tag","embeddable":true,"href":"https:\/\/www.vitali.com\/es\/wp-json\/wp\/v2\/tags?post=8693"}],"curies":[{"name":"wp","href":"https:\/\/api.w.org\/{rel}","templated":true}]}}