{"id":7544,"date":"2018-02-21T15:19:14","date_gmt":"2018-02-21T14:19:14","guid":{"rendered":"https:\/\/www.vitali.com\/?p=7544"},"modified":"2024-02-20T16:01:28","modified_gmt":"2024-02-20T15:01:28","slug":"dentalexpo-amsterdam-2018","status":"publish","type":"post","link":"https:\/\/www.vitali.com\/es\/dentalexpo-amsterdam-2018\/","title":{"rendered":"En marzo, los sillones de VITALI estar\u00e1n presentes en cuatro ferias"},"content":{"rendered":"<div class=\"fusion-fullwidth fullwidth-box fusion-builder-row-1 fusion-flex-container nonhundred-percent-fullwidth non-hundred-percent-height-scrolling gradient-container-1\" style=\"--awb-border-radius-top-left:0px;--awb-border-radius-top-right:0px;--awb-border-radius-bottom-right:0px;--awb-border-radius-bottom-left:0px;--awb-flex-wrap:wrap;\" ><div class=\"fusion-builder-row fusion-row fusion-flex-align-items-flex-start fusion-flex-content-wrap\" style=\"max-width:1216.8px;margin-left: calc(-4% \/ 2 );margin-right: calc(-4% \/ 2 );\"><div class=\"fusion-layout-column fusion_builder_column fusion-builder-column-0 fusion_builder_column_1_1 1_1 fusion-flex-column\" style=\"--awb-bg-size:cover;--awb-width-large:100%;--awb-margin-top-large:0px;--awb-spacing-right-large:1.92%;--awb-margin-bottom-large:0px;--awb-spacing-left-large:1.92%;--awb-width-medium:100%;--awb-spacing-right-medium:1.92%;--awb-spacing-left-medium:1.92%;--awb-width-small:100%;--awb-spacing-right-small:1.92%;--awb-spacing-left-small:1.92%;\"><div class=\"fusion-column-wrapper fusion-flex-justify-content-flex-start fusion-content-layout-column\"><div class=\"fusion-text fusion-text-1\"><p>Entre el 8 y el 10 de marzo presentaremos nuestros productos en la feria bianual <strong>Dentalexpo<\/strong> de \u00c1msterdam, en el estand de DDS Direct Dental Supplies, y en la feria anual de <strong>Krakdent<\/strong> de Cracovia, esta vez en el estand de Promedus. La semana siguiente, del 15 al 17 de marzo, tenemos una cita con el Sal\u00f3n Internacional <strong>Expodental<\/strong> en Madrid, que tambi\u00e9n se celebra cada dos a\u00f1os, y en el que expondremos los sillones <strong>VITALI<\/strong> en el estand de Esproden. Por \u00faltimo, del 23 al 25 de marzo, nos iremos a la otra punta del mundo para participar en la <strong>ADX<\/strong> de S\u00eddney, una de las ferias australianas m\u00e1s importantes de la industria dental. Una nueva ocasi\u00f3n para ver nuestros sillones, esta vez en el estand de Dentplex Pty.<\/p>\n<\/div><\/div><\/div><\/div><\/div>\n","protected":false},"excerpt":{"rendered":"<p>Cuatro ocasiones para ver nuestros productos: Amsterdam, Cracovia, Madrid y Sydney.<\/p>\n","protected":false},"author":3,"featured_media":7535,"comment_status":"closed","ping_status":"closed","sticky":false,"template":"","format":"standard","meta":{"footnotes":""},"categories":[50],"tags":[],"class_list":["post-7544","post","type-post","status-publish","format-standard","has-post-thumbnail","hentry","category-noticias"],"_links":{"self":[{"href":"https:\/\/www.vitali.com\/es\/wp-json\/wp\/v2\/posts\/7544","targetHints":{"allow":["GET"]}}],"collection":[{"href":"https:\/\/www.vitali.com\/es\/wp-json\/wp\/v2\/posts"}],"about":[{"href":"https:\/\/www.vitali.com\/es\/wp-json\/wp\/v2\/types\/post"}],"author":[{"embeddable":true,"href":"https:\/\/www.vitali.com\/es\/wp-json\/wp\/v2\/users\/3"}],"replies":[{"embeddable":true,"href":"https:\/\/www.vitali.com\/es\/wp-json\/wp\/v2\/comments?post=7544"}],"version-history":[{"count":2,"href":"https:\/\/www.vitali.com\/es\/wp-json\/wp\/v2\/posts\/7544\/revisions"}],"predecessor-version":[{"id":19320,"href":"https:\/\/www.vitali.com\/es\/wp-json\/wp\/v2\/posts\/7544\/revisions\/19320"}],"wp:featuredmedia":[{"embeddable":true,"href":"https:\/\/www.vitali.com\/es\/wp-json\/wp\/v2\/media\/7535"}],"wp:attachment":[{"href":"https:\/\/www.vitali.com\/es\/wp-json\/wp\/v2\/media?parent=7544"}],"wp:term":[{"taxonomy":"category","embeddable":true,"href":"https:\/\/www.vitali.com\/es\/wp-json\/wp\/v2\/categories?post=7544"},{"taxonomy":"post_tag","embeddable":true,"href":"https:\/\/www.vitali.com\/es\/wp-json\/wp\/v2\/tags?post=7544"}],"curies":[{"name":"wp","href":"https:\/\/api.w.org\/{rel}","templated":true}]}}