{"id":20381,"date":"2025-02-13T12:36:20","date_gmt":"2025-02-13T11:36:20","guid":{"rendered":"https:\/\/www.vitali.com\/?p=20381"},"modified":"2025-02-25T17:46:07","modified_gmt":"2025-02-25T16:46:07","slug":"diseno-de-clinicas-dentales","status":"publish","type":"post","link":"https:\/\/www.vitali.com\/es\/diseno-de-clinicas-dentales\/","title":{"rendered":"Planificar y amueblar una cl\u00ednica dental: consejos y soluciones profesionales"},"content":{"rendered":"<div class=\"fusion-fullwidth fullwidth-box fusion-builder-row-1 nonhundred-percent-fullwidth non-hundred-percent-height-scrolling gradient-container-1\" style=\"--awb-border-radius-top-left:0px;--awb-border-radius-top-right:0px;--awb-border-radius-bottom-right:0px;--awb-border-radius-bottom-left:0px;--awb-flex-wrap:wrap;\" ><div class=\"fusion-builder-row fusion-row\"><div class=\"fusion-layout-column fusion_builder_column fusion-builder-column-0 fusion_builder_column_1_1 1_1 fusion-one-full fusion-column-first fusion-column-last\" style=\"--awb-bg-size:cover;\"><div class=\"fusion-column-wrapper fusion-column-has-shadow fusion-flex-column-wrapper-legacy\"><div class=\"fusion-sep-clear\"><\/div><div class=\"fusion-separator fusion-full-width-sep\" style=\"margin-left: auto;margin-right: auto;margin-bottom:20px;width:100%;\"><\/div><div class=\"fusion-sep-clear\"><\/div><div class=\"fusion-title title fusion-title-1 fusion-sep-none fusion-title-text fusion-title-size-two\" style=\"--awb-margin-bottom:10px;--awb-margin-right-small:0px;--awb-margin-bottom-small:10px;--awb-margin-left-small:0px;--awb-font-size:18px;\"><h2 class=\"fusion-title-heading title-heading-left fusion-responsive-typography-calculated\" style=\"margin:0;font-size:1em;--fontSize:18;--minFontSize:18;line-height:1.21;\">\u00bfPor qu\u00e9 el dise\u00f1o y el mobiliario cl\u00ednico dental marcan la diferencia?<\/h2><\/div><div class=\"fusion-text fusion-text-1\"><p>Un buen <strong>dise\u00f1o y un buen mobiliario cl\u00ednico dental<\/strong> es un punto de partida que concede muchas ventajas para la actividad profesional que se desarrolla en ella. En una consulta bien dise\u00f1ada, todos los aspectos organizativos y estructurales se inspiran en criterios de funcionalidad, un aspecto que repercute de manera positiva en la calidad y eficacia de los trabajos del d\u00eda a d\u00eda.<\/p>\n<p>Al mismo tiempo, la combinaci\u00f3n entre comodidad y est\u00e9tica caracter\u00edstica, si se piensa y elige con cuidado el<strong> mobiliario cl\u00ednico dental<\/strong>, puede calmar y mejorar los sentimientos de <strong>ansiedad y miedo al dentista<\/strong> que muchos pacientes siguen experimentando cuando cruzan la puerta de la consulta, lo que permitir\u00eda al dentista realizar su trabajo y que las personas est\u00e9n m\u00e1s relajadas y m\u00e1s dispuestas a colaborar.<\/p>\n<\/div><div class=\"fusion-sep-clear\"><\/div><div class=\"fusion-separator fusion-full-width-sep\" style=\"margin-left: auto;margin-right: auto;margin-bottom:20px;width:100%;\"><\/div><div class=\"fusion-sep-clear\"><\/div><div class=\"fusion-image-element in-legacy-container\" style=\"--awb-caption-title-font-family:var(--h2_typography-font-family);--awb-caption-title-font-weight:var(--h2_typography-font-weight);--awb-caption-title-font-style:var(--h2_typography-font-style);--awb-caption-title-size:var(--h2_typography-font-size);--awb-caption-title-transform:var(--h2_typography-text-transform);--awb-caption-title-line-height:var(--h2_typography-line-height);--awb-caption-title-letter-spacing:var(--h2_typography-letter-spacing);\"><span class=\" fusion-imageframe imageframe-none imageframe-1 hover-type-none\"><img decoding=\"async\" width=\"1000\" height=\"675\" alt=\"progettazione studio dentistico VITALI\" title=\"art-vitali-img-2\" src=\"https:\/\/www.vitali.com\/wp-content\/uploads\/2025\/02\/art-vitali-img-2.jpg\" class=\"img-responsive wp-image-20396\" srcset=\"https:\/\/www.vitali.com\/wp-content\/uploads\/2025\/02\/art-vitali-img-2-200x135.jpg 200w, https:\/\/www.vitali.com\/wp-content\/uploads\/2025\/02\/art-vitali-img-2-400x270.jpg 400w, https:\/\/www.vitali.com\/wp-content\/uploads\/2025\/02\/art-vitali-img-2-600x405.jpg 600w, https:\/\/www.vitali.com\/wp-content\/uploads\/2025\/02\/art-vitali-img-2-800x540.jpg 800w, https:\/\/www.vitali.com\/wp-content\/uploads\/2025\/02\/art-vitali-img-2.jpg 1000w\" sizes=\"(max-width: 800px) 100vw, 1000px\" \/><\/span><\/div><div class=\"fusion-sep-clear\"><\/div><div class=\"fusion-separator fusion-full-width-sep\" style=\"margin-left: auto;margin-right: auto;margin-bottom:20px;width:100%;\"><\/div><div class=\"fusion-sep-clear\"><\/div><div class=\"fusion-title title fusion-title-2 fusion-sep-none fusion-title-text fusion-title-size-two\" style=\"--awb-margin-bottom:10px;--awb-margin-right-small:0px;--awb-margin-bottom-small:10px;--awb-margin-left-small:0px;--awb-font-size:18px;\"><h2 class=\"fusion-title-heading title-heading-left fusion-responsive-typography-calculated\" style=\"margin:0;font-size:1em;--fontSize:18;--minFontSize:18;line-height:1.21;\">La primera impresi\u00f3n del paciente: el valor de una cl\u00ednica bien dise\u00f1ada<\/h2><\/div><div class=\"fusion-text fusion-text-2\"><p>Por mucho que la consulta odontol\u00f3gica haya mejorado mucho el impacto en la percepci\u00f3n del paciente, el recuerdo de una \u00e9poca pasada en la que la atenci\u00f3n dental pod\u00eda suponer una experiencia muy dolorosa y traum\u00e1tica sigue latente. Para muchas personas, la <strong>ansiedad y el miedo al dentista <\/strong>influye en su decisi\u00f3n de acudir a revisiones y limpiezas dentales de forma peri\u00f3dica.<\/p>\n<p>Lanzamos una pregunta al aire: \u00bfpuede existir una relaci\u00f3n entre el entorno de la consulta dental y el nivel de ansiedad de los pacientes que a\u00fan temen el tratamiento?<\/p>\n<p>La respuesta, seg\u00fan los especialistas en <strong>dise\u00f1o y mobiliario cl\u00ednico dental<\/strong>, es que s\u00ed. Si a primera vista lo que uno percibe es una cl\u00ednica dental con una iluminaci\u00f3n c\u00e1lida y bien dispuesta, donde domina una crom\u00e1tica suave y relajante, una sala de espera acogedora y confortable (gracias a asientos c\u00f3modos, la presencia de revistas o libros, un televisor encendido o una agradable m\u00fasica de fondo), es mucho m\u00e1s f\u00e1cil prepararse de manera favorable para el fat\u00eddico momento en que hay que abrir la boca para que el dentista haga su trabajo. Si a esta actitud positiva le a\u00f1adimos la posibilidad de tumbarnos en un sill\u00f3n c\u00f3modo, podemos confirmar que hemos creado unas condiciones \u00f3ptimas para superar ansiedades y miedos.<\/p>\n<\/div><div class=\"fusion-sep-clear\"><\/div><div class=\"fusion-separator fusion-full-width-sep\" style=\"margin-left: auto;margin-right: auto;margin-bottom:20px;width:100%;\"><\/div><div class=\"fusion-sep-clear\"><\/div><div class=\"fusion-image-element in-legacy-container\" style=\"--awb-caption-title-font-family:var(--h2_typography-font-family);--awb-caption-title-font-weight:var(--h2_typography-font-weight);--awb-caption-title-font-style:var(--h2_typography-font-style);--awb-caption-title-size:var(--h2_typography-font-size);--awb-caption-title-transform:var(--h2_typography-text-transform);--awb-caption-title-line-height:var(--h2_typography-line-height);--awb-caption-title-letter-spacing:var(--h2_typography-letter-spacing);\"><span class=\" fusion-imageframe imageframe-none imageframe-2 hover-type-none\"><img decoding=\"async\" width=\"1000\" height=\"837\" title=\"art-vitali-img-3\" src=\"https:\/\/www.vitali.com\/wp-content\/uploads\/2025\/02\/art-vitali-img-3.jpg\" alt class=\"img-responsive wp-image-20401\" srcset=\"https:\/\/www.vitali.com\/wp-content\/uploads\/2025\/02\/art-vitali-img-3-200x167.jpg 200w, https:\/\/www.vitali.com\/wp-content\/uploads\/2025\/02\/art-vitali-img-3-400x335.jpg 400w, https:\/\/www.vitali.com\/wp-content\/uploads\/2025\/02\/art-vitali-img-3-600x502.jpg 600w, https:\/\/www.vitali.com\/wp-content\/uploads\/2025\/02\/art-vitali-img-3-800x670.jpg 800w, https:\/\/www.vitali.com\/wp-content\/uploads\/2025\/02\/art-vitali-img-3.jpg 1000w\" sizes=\"(max-width: 800px) 100vw, 1000px\" \/><\/span><\/div><div class=\"fusion-sep-clear\"><\/div><div class=\"fusion-separator fusion-full-width-sep\" style=\"margin-left: auto;margin-right: auto;margin-bottom:20px;width:100%;\"><\/div><div class=\"fusion-sep-clear\"><\/div><div class=\"fusion-title title fusion-title-3 fusion-sep-none fusion-title-text fusion-title-size-two\" style=\"--awb-margin-bottom:10px;--awb-margin-right-small:0px;--awb-margin-bottom-small:10px;--awb-margin-left-small:0px;--awb-font-size:18px;\"><h2 class=\"fusion-title-heading title-heading-left fusion-responsive-typography-calculated\" style=\"margin:0;font-size:1em;--fontSize:18;--minFontSize:18;line-height:1.21;\">C\u00f3mo organizar el espacio operativo de la cl\u00ednica dental<\/h2><\/div><div class=\"fusion-text fusion-text-3\"><p>Es conveniente distinguir entre el<strong> dise\u00f1o de cl\u00ednicas dentales<\/strong>, en el que se puede determinar el plano de planta y el<strong> mobiliario cl\u00ednico dental<\/strong>, en el que se aprovechan los vol\u00famenes existentes. En el primer caso, es conveniente anticiparse a un ambiente con espacio suficiente para moverse con mayor libertad. En el segundo, en cambio, hay que aprovechar al m\u00e1ximo el espacio disponible. A t\u00edtulo indicativo, podemos decir que una habitaci\u00f3n cuadrada con una superficie aproximada de <strong>16 metros cuadrados<\/strong> es un tama\u00f1o \u00f3ptimo para crear un espacio de trabajo eficaz.<\/p>\n<p>La <strong>unidad dental<\/strong> debe colocarse en el <strong>centro de la habitaci\u00f3n<\/strong>, ya que toda la zona que la rodea debe permitir un amplio espacio de maniobra (para saber m\u00e1s, puedes visitar la secci\u00f3n sobre <strong><a href=\"\/es\/unidad-dental\/\">unidades dentales VITALI<\/a><\/strong>).<\/p>\n<p>Una primera consideraci\u00f3n importante son las <strong>conexiones del suelo<\/strong> a las redes de agua, electricidad y desag\u00fces. Es muy aconsejable que sean subterr\u00e1neos, para evitar as\u00ed el uso de conductos externos. La sala debe estar equipada con una ventana y es preferible que la unidad dental se coloque de tal forma que el paciente, una vez tumbado, est\u00e9 de cara a ella. Es muy importante asegurarse de que el camino desde la puerta hasta la silla sea <strong>directo y r\u00e1pido<\/strong>. Por lo general, el mobiliario debe colocarse detr\u00e1s del sill\u00f3n del paciente, de modo que haya el mayor espacio operativo posible a los lados de la unidad dental, tanto para el dentista como para el auxiliar.<\/p>\n<p>Si hablamos m\u00e1s en concreto del <strong>mobiliario cl\u00ednico dental<\/strong>, el consejo es elegir muebles b\u00e1sicos y pr\u00e1cticos, de l\u00edneas sobrias y tonos neutros. Estos pueden ir equipados con ruedas, para as\u00ed poder desplazarlos con facilidad. Es preferible utilizar los laminados de pl\u00e1stico o de metal, ya que son m\u00e1s adecuados para la higienizaci\u00f3n. La unidad de rayos X endoral debe montarse en la pared y, preferiblemente, detr\u00e1s del sill\u00f3n, por encima del mobiliario, en una posici\u00f3n central para que los brazos de la unidad de rayos X puedan orientarse con facilidad a la derecha y a la izquierda de la cavidad oral. Si las caracter\u00edsticas de la pared no lo permiten, se deber\u00e1 fijar a la pared por detr\u00e1s del grupo h\u00eddrico de la unidad dental. Por \u00faltimo, la habitaci\u00f3n necesita un lavabo, que puede estar integrado en el mueble o ser independiente.<\/p>\n<\/div><div class=\"fusion-sep-clear\"><\/div><div class=\"fusion-separator fusion-full-width-sep\" style=\"margin-left: auto;margin-right: auto;margin-bottom:20px;width:100%;\"><\/div><div class=\"fusion-sep-clear\"><\/div><div class=\"fusion-image-element in-legacy-container\" style=\"--awb-caption-title-font-family:var(--h2_typography-font-family);--awb-caption-title-font-weight:var(--h2_typography-font-weight);--awb-caption-title-font-style:var(--h2_typography-font-style);--awb-caption-title-size:var(--h2_typography-font-size);--awb-caption-title-transform:var(--h2_typography-text-transform);--awb-caption-title-line-height:var(--h2_typography-line-height);--awb-caption-title-letter-spacing:var(--h2_typography-letter-spacing);\"><span class=\" fusion-imageframe imageframe-none imageframe-3 hover-type-none\"><img decoding=\"async\" width=\"1004\" height=\"1048\" title=\"art-vitali-img-4\" src=\"https:\/\/www.vitali.com\/wp-content\/uploads\/2025\/02\/art-vitali-img-4.jpg\" alt class=\"img-responsive wp-image-20406\" srcset=\"https:\/\/www.vitali.com\/wp-content\/uploads\/2025\/02\/art-vitali-img-4-200x209.jpg 200w, https:\/\/www.vitali.com\/wp-content\/uploads\/2025\/02\/art-vitali-img-4-400x418.jpg 400w, https:\/\/www.vitali.com\/wp-content\/uploads\/2025\/02\/art-vitali-img-4-600x626.jpg 600w, https:\/\/www.vitali.com\/wp-content\/uploads\/2025\/02\/art-vitali-img-4-800x835.jpg 800w, https:\/\/www.vitali.com\/wp-content\/uploads\/2025\/02\/art-vitali-img-4.jpg 1004w\" sizes=\"(max-width: 800px) 100vw, 1004px\" \/><\/span><\/div><div class=\"fusion-sep-clear\"><\/div><div class=\"fusion-separator fusion-full-width-sep\" style=\"margin-left: auto;margin-right: auto;margin-bottom:20px;width:100%;\"><\/div><div class=\"fusion-sep-clear\"><\/div><div class=\"fusion-title title fusion-title-4 fusion-sep-none fusion-title-text fusion-title-size-two\" style=\"--awb-margin-bottom:10px;--awb-margin-right-small:0px;--awb-margin-bottom-small:10px;--awb-margin-left-small:0px;--awb-font-size:18px;\"><h2 class=\"fusion-title-heading title-heading-left fusion-responsive-typography-calculated\" style=\"margin:0;font-size:1em;--fontSize:18;--minFontSize:18;line-height:1.21;\">Reglamentos y normas para el dise\u00f1o cl\u00ednico dental<\/h2><\/div><div class=\"fusion-text fusion-text-4\"><p>En Italia, cuando hablamos de un <strong>proyecto de cl\u00ednica dental<\/strong>, la principal legislaci\u00f3n a la que hay que remitirse es el <strong>Decreto Presidencial de 14 de enero de 1997<\/strong>, que define los requisitos m\u00ednimos estructurales y tecnol\u00f3gicos para las actividades odontol\u00f3gicas ambulatorias.<\/p>\n<p>En concreto, se exige que las habitaciones dispongan de un <strong>equipamiento m\u00ednimo con espacios adecuados<\/strong> para:<\/p>\n<ul>\n<li><strong> recepci\u00f3n<\/strong><\/li>\n<li><strong>espera<\/strong><\/li>\n<li><strong>actividades administrativas<\/strong><\/li>\n<li><strong>realizaci\u00f3n de servicios<\/strong> (respetando la intimidad)<\/li>\n<li><strong>aseos<\/strong> (separados para personal y pacientes)<\/li>\n<li><strong>almacenamiento de material<\/strong>. Este \u00faltimo debe ser adecuado para la instalaci\u00f3n y debe disponer tanto de un espacio para los armarios de todo el material desechable como para la recogida del material sucio y del equipo de limpieza<\/li>\n<\/ul>\n<p>Se debe garantizar la <strong>iluminaci\u00f3n y ventilaci\u00f3n naturales<\/strong> en todas las habitaciones.<\/p>\n<p>Tambi\u00e9n, en Italia, para abordar correctamente el <strong>dise\u00f1o y <\/strong>el<strong> mobiliario cl\u00ednico dental<\/strong>, adem\u00e1s del <strong>D.P.R. 14 de enero de 1997<\/strong>, tambi\u00e9n es necesario hacer referencia:<\/p>\n<ul>\n<li>el <strong>D. Lgs. 81\/2008<\/strong><\/li>\n<li>a la <strong>Ley 24\/1985<\/strong><\/li>\n<li>el <strong>D. Lgs. 187\/2000<\/strong><\/li>\n<li>el <strong>Reglamento GDPR<\/strong>.<\/li>\n<\/ul>\n<p>Los dem\u00e1s pa\u00edses tienen unas normas espec\u00edficas que deben cumplirse. En cualquier caso, es aconsejable buscar siempre el asesoramiento de <strong>profesionales expertos en el \u00e1mbito de la normativa odontol\u00f3gica espec\u00edfica<\/strong>.<\/p>\n<\/div><div class=\"fusion-sep-clear\"><\/div><div class=\"fusion-separator fusion-full-width-sep\" style=\"margin-left: auto;margin-right: auto;margin-bottom:20px;width:100%;\"><\/div><div class=\"fusion-sep-clear\"><\/div><div class=\"fusion-image-element in-legacy-container\" style=\"--awb-caption-title-font-family:var(--h2_typography-font-family);--awb-caption-title-font-weight:var(--h2_typography-font-weight);--awb-caption-title-font-style:var(--h2_typography-font-style);--awb-caption-title-size:var(--h2_typography-font-size);--awb-caption-title-transform:var(--h2_typography-text-transform);--awb-caption-title-line-height:var(--h2_typography-line-height);--awb-caption-title-letter-spacing:var(--h2_typography-letter-spacing);\"><span class=\" fusion-imageframe imageframe-none imageframe-4 hover-type-none\"><img decoding=\"async\" width=\"1000\" height=\"491\" title=\"art-vitali-img-5\" src=\"https:\/\/www.vitali.com\/wp-content\/uploads\/2025\/02\/art-vitali-img-5.jpg\" alt class=\"img-responsive wp-image-20411\" srcset=\"https:\/\/www.vitali.com\/wp-content\/uploads\/2025\/02\/art-vitali-img-5-200x98.jpg 200w, https:\/\/www.vitali.com\/wp-content\/uploads\/2025\/02\/art-vitali-img-5-400x196.jpg 400w, https:\/\/www.vitali.com\/wp-content\/uploads\/2025\/02\/art-vitali-img-5-600x295.jpg 600w, https:\/\/www.vitali.com\/wp-content\/uploads\/2025\/02\/art-vitali-img-5-800x393.jpg 800w, https:\/\/www.vitali.com\/wp-content\/uploads\/2025\/02\/art-vitali-img-5.jpg 1000w\" sizes=\"(max-width: 800px) 100vw, 1000px\" \/><\/span><\/div><div class=\"fusion-sep-clear\"><\/div><div class=\"fusion-separator fusion-full-width-sep\" style=\"margin-left: auto;margin-right: auto;margin-bottom:20px;width:100%;\"><\/div><div class=\"fusion-sep-clear\"><\/div><div class=\"fusion-title title fusion-title-5 fusion-sep-none fusion-title-text fusion-title-size-two\" style=\"--awb-margin-bottom:10px;--awb-margin-right-small:0px;--awb-margin-bottom-small:10px;--awb-margin-left-small:0px;--awb-font-size:18px;\"><h2 class=\"fusion-title-heading title-heading-left fusion-responsive-typography-calculated\" style=\"margin:0;font-size:1em;--fontSize:18;--minFontSize:18;line-height:1.21;\">Errores que hay que evitar al planificar y disponer el mobiliario cl\u00ednico dental<\/h2><\/div><div class=\"fusion-text fusion-text-5\"><p>El dise\u00f1o y el <strong>mobiliario cl\u00ednico dental <\/strong>deben elegirse con sumo cuidado y no deben abordarse <strong>con distancia y superficialidad<\/strong>. Una vez en funcionamiento, la consulta debe ser <strong>plenamente eficiente<\/strong>, ofrecer las mejores condiciones de trabajo al equipo odontol\u00f3gico y hacer que la experiencia de tratamiento del paciente sea <strong>tranquila y calmada<\/strong>.<\/p>\n<p>Por eso, es aconsejable <strong>no tomar decisiones precipitadas<\/strong> en el momento de decidir c\u00f3mo organizar la cl\u00ednica dental, para as\u00ed evitar cometer errores que no siempre son f\u00e1ciles de corregir cuando despu\u00e9s est\u00e1 en funcionamiento.<\/p>\n<div class=\"flex max-w-full flex-col flex-grow\">\n<div class=\"min-h-8 text-message relative flex w-full flex-col items-end gap-2 whitespace-normal break-words text-start &#091;.text-message+&amp;&#093;:mt-5\" dir=\"auto\" data-message-author-role=\"assistant\" data-message-id=\"63d43393-e32d-4965-920d-f01c40245aa2\" data-message-model-slug=\"gpt-4o-mini\">\n<div class=\"flex w-full flex-col gap-1 empty:hidden first:pt-&#091;3px&#093;\">\n<div class=\"markdown prose w-full break-words dark:prose-invert light\">\n<p data-start=\"0\" data-end=\"40\" data-is-last-node=\"\" data-is-only-node=\"\"><em>Errores frecuentes y sus consecuencias<\/em><\/p>\n<\/div>\n<\/div>\n<\/div>\n<\/div>\n<div class=\"mb-2 flex gap-3 empty:hidden -ml-2\">\n<div class=\"items-center justify-start rounded-xl p-1 flex\">\n<ol>\n<li class=\"flex items-center\">Un primer error es el <strong>incumplimiento de la normativa<\/strong> antes mencionada, ya que existen sanciones bastante severas.<\/li>\n<li class=\"flex items-center\">Despu\u00e9s, hay <strong>errores que pueden comprometer la eficaci<\/strong>a del trabajo dental. Se trata de:<\/li>\n<\/ol>\n<ul>\n<li style=\"list-style-type: none;\">\n<ul>\n<li>la <strong>falta de espacio<\/strong> para moverse con comodidad en torno al sill\u00f3n<\/li>\n<li>la elecci\u00f3n de unidades dentales y asientos dise\u00f1ados <strong>sin prestar suficiente atenci\u00f3n a la ergonom\u00eda<\/strong><\/li>\n<li>la adopci\u00f3n de una <strong>luz de quir\u00f3fano inadecuada<\/strong><\/li>\n<li>el emplazamiento de <strong>difusores de aire con chorros directos<\/strong> que puedan resultar molestos.<\/li>\n<\/ul>\n<\/li>\n<\/ul>\n<p>Por \u00faltimo, hay otros errores que pueden hacer <strong>menos c\u00f3moda la estancia de los pacientes en la consulta<\/strong>. Nos referimos a:<\/p>\n<ul>\n<li>un <strong>dise\u00f1o cl\u00ednico dental que no ha tenido en cuenta lo suficiente el aspecto ac\u00fastico<\/strong>, con un aislamiento nulo o insuficiente<\/li>\n<li>una <strong>ventilaci\u00f3n inadecuada<\/strong> que puede conducir a una mala calidad del aire<\/li>\n<\/ul>\n<\/div>\n<\/div>\n<\/div><div class=\"fusion-sep-clear\"><\/div><div class=\"fusion-separator fusion-full-width-sep\" style=\"margin-left: auto;margin-right: auto;margin-bottom:20px;width:100%;\"><\/div><div class=\"fusion-sep-clear\"><\/div><div class=\"fusion-image-element in-legacy-container\" style=\"--awb-caption-title-font-family:var(--h2_typography-font-family);--awb-caption-title-font-weight:var(--h2_typography-font-weight);--awb-caption-title-font-style:var(--h2_typography-font-style);--awb-caption-title-size:var(--h2_typography-font-size);--awb-caption-title-transform:var(--h2_typography-text-transform);--awb-caption-title-line-height:var(--h2_typography-line-height);--awb-caption-title-letter-spacing:var(--h2_typography-letter-spacing);\"><span class=\" fusion-imageframe imageframe-none imageframe-5 hover-type-none\"><img decoding=\"async\" width=\"1000\" height=\"667\" title=\"art-vitali-img-6\" src=\"https:\/\/www.vitali.com\/wp-content\/uploads\/2025\/02\/art-vitali-img-6.jpg\" alt class=\"img-responsive wp-image-20416\" srcset=\"https:\/\/www.vitali.com\/wp-content\/uploads\/2025\/02\/art-vitali-img-6-200x133.jpg 200w, https:\/\/www.vitali.com\/wp-content\/uploads\/2025\/02\/art-vitali-img-6-400x267.jpg 400w, https:\/\/www.vitali.com\/wp-content\/uploads\/2025\/02\/art-vitali-img-6-600x400.jpg 600w, https:\/\/www.vitali.com\/wp-content\/uploads\/2025\/02\/art-vitali-img-6-800x534.jpg 800w, https:\/\/www.vitali.com\/wp-content\/uploads\/2025\/02\/art-vitali-img-6.jpg 1000w\" sizes=\"(max-width: 800px) 100vw, 1000px\" \/><\/span><\/div><div class=\"fusion-sep-clear\"><\/div><div class=\"fusion-separator fusion-full-width-sep\" style=\"margin-left: auto;margin-right: auto;margin-bottom:20px;width:100%;\"><\/div><div class=\"fusion-sep-clear\"><\/div><div class=\"fusion-title title fusion-title-6 fusion-sep-none fusion-title-text fusion-title-size-two\" style=\"--awb-margin-bottom:10px;--awb-margin-right-small:0px;--awb-margin-bottom-small:10px;--awb-margin-left-small:0px;--awb-font-size:18px;\"><h2 class=\"fusion-title-heading title-heading-left fusion-responsive-typography-calculated\" style=\"margin:0;font-size:1em;--fontSize:18;--minFontSize:18;line-height:1.21;\">Su cl\u00ednica dental a medida con las unidades dentales VITALI<\/h2><\/div><div class=\"fusion-text fusion-text-6\"><p>En un <strong>proyecto de cl\u00ednica <\/strong><strong>dental<\/strong>, la elecci\u00f3n de la unidad dental desempe\u00f1a un papel fundamental. Es en torno al <strong>sill\u00f3n dental<\/strong> donde el dentista y el auxiliar realizan la parte m\u00e1s importante de su trabajo y, por supuesto, es en el sill\u00f3n donde cada paciente recibe atenci\u00f3n odontol\u00f3gica.<\/p>\n<p>Por lo tanto, es importante elegir la <strong>unidad dental<\/strong> que mejor pueda contribuir a la <strong>eficacia del trabajo odontol\u00f3gico<\/strong>. Los <strong><a href=\"\/es\/unidad-dental\/\">modelos VITALI<\/a><\/strong> responden por completo a esta necesidad:<\/p>\n<ul>\n<li>ya que cuentan con unos <strong>est\u00e1ndares ergon\u00f3micos muy elevados<\/strong><\/li>\n<li>est\u00e1n concebidos y dise\u00f1ados pensando siempre en la <strong>m\u00e1xima funcionalidad<\/strong><\/li>\n<li>est\u00e1n equipados con un <strong>asiento muy c\u00f3modo<\/strong> (y, sobre todo, con un <strong>reposacabezas bien orientado<\/strong>)<\/li>\n<\/ul>\n<p>Adem\u00e1s de estas caracter\u00edsticas que las convierten en las \u00abaliadas perfectas\u00bb de la profesi\u00f3n dental, hay otros dos aspectos que es muy importante tener en cuenta a la hora de establecer el<strong> dise\u00f1o cl\u00ednico dental<\/strong>:<\/p>\n<ul>\n<li>la <strong>baj\u00edsima incidencia de intervenciones<\/strong> en el servicio<\/li>\n<li>la <strong>vida media de las <a href=\"\/es\/unidad-dental\/\">unidades dentales VITALI<\/a><\/strong>, reconocidas en todo el mundo entre las m\u00e1s duraderas del mercado.<\/li>\n<\/ul>\n<\/div><div class=\"fusion-sep-clear\"><\/div><div class=\"fusion-separator fusion-full-width-sep\" style=\"margin-left: auto;margin-right: auto;margin-bottom:20px;width:100%;\"><\/div><div class=\"fusion-sep-clear\"><\/div><div class=\"fusion-image-element in-legacy-container\" style=\"--awb-caption-title-font-family:var(--h2_typography-font-family);--awb-caption-title-font-weight:var(--h2_typography-font-weight);--awb-caption-title-font-style:var(--h2_typography-font-style);--awb-caption-title-size:var(--h2_typography-font-size);--awb-caption-title-transform:var(--h2_typography-text-transform);--awb-caption-title-line-height:var(--h2_typography-line-height);--awb-caption-title-letter-spacing:var(--h2_typography-letter-spacing);\"><span class=\" fusion-imageframe imageframe-none imageframe-6 hover-type-none\"><img decoding=\"async\" width=\"1000\" height=\"667\" title=\"art-vitali-img-7\" src=\"https:\/\/www.vitali.com\/wp-content\/uploads\/2025\/02\/art-vitali-img-7.jpg\" alt class=\"img-responsive wp-image-20421\" srcset=\"https:\/\/www.vitali.com\/wp-content\/uploads\/2025\/02\/art-vitali-img-7-200x133.jpg 200w, https:\/\/www.vitali.com\/wp-content\/uploads\/2025\/02\/art-vitali-img-7-400x267.jpg 400w, https:\/\/www.vitali.com\/wp-content\/uploads\/2025\/02\/art-vitali-img-7-600x400.jpg 600w, https:\/\/www.vitali.com\/wp-content\/uploads\/2025\/02\/art-vitali-img-7-800x534.jpg 800w, https:\/\/www.vitali.com\/wp-content\/uploads\/2025\/02\/art-vitali-img-7.jpg 1000w\" sizes=\"(max-width: 800px) 100vw, 1000px\" \/><\/span><\/div><div class=\"fusion-sep-clear\"><\/div><div class=\"fusion-separator fusion-full-width-sep\" style=\"margin-left: auto;margin-right: auto;margin-bottom:60px;width:100%;\"><\/div><div class=\"fusion-sep-clear\"><\/div><div class=\"fusion-image-element in-legacy-container\" style=\"--awb-caption-title-font-family:var(--h2_typography-font-family);--awb-caption-title-font-weight:var(--h2_typography-font-weight);--awb-caption-title-font-style:var(--h2_typography-font-style);--awb-caption-title-size:var(--h2_typography-font-size);--awb-caption-title-transform:var(--h2_typography-text-transform);--awb-caption-title-line-height:var(--h2_typography-line-height);--awb-caption-title-letter-spacing:var(--h2_typography-letter-spacing);\"><span class=\" fusion-imageframe imageframe-none imageframe-7 hover-type-none\"><img decoding=\"async\" width=\"1000\" height=\"1238\" title=\"art-vitali-img-8\" src=\"https:\/\/www.vitali.com\/wp-content\/uploads\/2025\/02\/art-vitali-img-8.jpg\" alt class=\"img-responsive wp-image-20426\" srcset=\"https:\/\/www.vitali.com\/wp-content\/uploads\/2025\/02\/art-vitali-img-8-200x248.jpg 200w, https:\/\/www.vitali.com\/wp-content\/uploads\/2025\/02\/art-vitali-img-8-400x495.jpg 400w, https:\/\/www.vitali.com\/wp-content\/uploads\/2025\/02\/art-vitali-img-8-600x743.jpg 600w, https:\/\/www.vitali.com\/wp-content\/uploads\/2025\/02\/art-vitali-img-8-800x990.jpg 800w, https:\/\/www.vitali.com\/wp-content\/uploads\/2025\/02\/art-vitali-img-8.jpg 1000w\" sizes=\"(max-width: 800px) 100vw, 1000px\" \/><\/span><\/div><div class=\"fusion-clearfix\"><\/div><\/div><\/div><\/div><\/div>\n","protected":false},"excerpt":{"rendered":"<p>Un buen dise\u00f1o y un buen mobiliario cl\u00ednico dental es un punto de partida que concede muchas ventajas para la actividad profesional que se desarrolla en ella. En una consulta bien dise\u00f1ada, todos los aspectos organizativos y estructurales se inspiran en criterios de funcionalidad, un aspecto que repercute de manera positiva en la calidad y eficacia de los trabajos del d\u00eda a d\u00eda. Al mismo tiempo, la combinaci\u00f3n entre comodidad y est\u00e9tica caracter\u00edstica, si se piensa y elige con cuidado el mobiliario cl\u00ednico dental, puede calmar y mejorar los sentimientos de ansiedad y miedo al dentista que muchos pacientes siguen experimentando cuando cruzan la puerta de la consulta, lo que permitir\u00eda al dentista realizar su trabajo y que las personas est\u00e9n m\u00e1s relajadas y m\u00e1s dispuestas a colaborar. <\/p>\n","protected":false},"author":8,"featured_media":20484,"comment_status":"closed","ping_status":"closed","sticky":false,"template":"","format":"standard","meta":{"footnotes":"","_members_access_role":[],"_members_access_error":""},"categories":[924,50],"tags":[],"class_list":["post-20381","post","type-post","status-publish","format-standard","has-post-thumbnail","hentry","category-home-page-es","category-noticias"],"_links":{"self":[{"href":"https:\/\/www.vitali.com\/es\/wp-json\/wp\/v2\/posts\/20381","targetHints":{"allow":["GET"]}}],"collection":[{"href":"https:\/\/www.vitali.com\/es\/wp-json\/wp\/v2\/posts"}],"about":[{"href":"https:\/\/www.vitali.com\/es\/wp-json\/wp\/v2\/types\/post"}],"author":[{"embeddable":true,"href":"https:\/\/www.vitali.com\/es\/wp-json\/wp\/v2\/users\/8"}],"replies":[{"embeddable":true,"href":"https:\/\/www.vitali.com\/es\/wp-json\/wp\/v2\/comments?post=20381"}],"version-history":[{"count":5,"href":"https:\/\/www.vitali.com\/es\/wp-json\/wp\/v2\/posts\/20381\/revisions"}],"predecessor-version":[{"id":20525,"href":"https:\/\/www.vitali.com\/es\/wp-json\/wp\/v2\/posts\/20381\/revisions\/20525"}],"wp:featuredmedia":[{"embeddable":true,"href":"https:\/\/www.vitali.com\/es\/wp-json\/wp\/v2\/media\/20484"}],"wp:attachment":[{"href":"https:\/\/www.vitali.com\/es\/wp-json\/wp\/v2\/media?parent=20381"}],"wp:term":[{"taxonomy":"category","embeddable":true,"href":"https:\/\/www.vitali.com\/es\/wp-json\/wp\/v2\/categories?post=20381"},{"taxonomy":"post_tag","embeddable":true,"href":"https:\/\/www.vitali.com\/es\/wp-json\/wp\/v2\/tags?post=20381"}],"curies":[{"name":"wp","href":"https:\/\/api.w.org\/{rel}","templated":true}]}}